{"id":94,"date":"2024-04-30T13:15:11","date_gmt":"2024-04-30T13:15:11","guid":{"rendered":"https:\/\/www.pollentiarentals.com\/blog\/?p=94"},"modified":"2024-04-30T13:24:10","modified_gmt":"2024-04-30T13:24:10","slug":"besuch-in-pollensa","status":"publish","type":"post","link":"https:\/\/www.pollentiarentals.com\/blog\/de\/besuch-in-pollensa\/","title":{"rendered":"Besuchen Sie Pollensa, eines der sch\u00f6nsten D\u00f6rfer Mallorcas"},"content":{"rendered":"\n<p class=\"wp-block-paragraph\">Es ist kein Geheimnis, dass Mallorca das beliebteste Reiseziel in Europa ist. Das Paradies im Mittelmeer verzaubert durch seine Str\u00e4nde mit feinem goldenem Sand, das kristallklare Wasser in einem atemberaubend intensiven Blau und die sch\u00f6nen Bergd\u00f6rfer. Alles, was man sich nur w\u00fcnschen kann f\u00fcr einen unvergesslichen Urlaub.<\/p>\n\n\n\n<p class=\"wp-block-paragraph\">Pollensa im Norden Mallorcas ist eines der sch\u00f6nsten D\u00f6rfer Mallorcas. Jedes Jahr verlieben sich Tausende von Besuchern in seine engen gepflasterten Gassen, die arch\u00e4ologischen Fundst\u00e4tten und die traumhaften Str\u00e4nde.<\/p>\n\n\n\n<p class=\"wp-block-paragraph\">Pollentia Rentals, die Agentur f\u00fcr Ferienvermietungen im Norden der Insel, l\u00e4dt Sie ein, eine Reise nach Mallorca zu organisieren, um unvergessliche Orte kennen zu lernen, an die Sie immer gerne zur\u00fcckkehren werden.<\/p>\n\n\n\n<p class=\"has-text-align-center has-large-font-size wp-block-paragraph\">Was man in Pollensa alles sehen kann<\/p>\n\n\n\n<p class=\"wp-block-paragraph\">Pollensa liegt zwischen dem Meer und dem Gebirge Serra de Tramuntana und ist eine der beliebtesten Ortschaften der Insel. Die Gemeinde besteht aus vier Ortsteilen: Pollensa, Puerto Pollensa, Formentor und Cala San Vicente.<\/p>\n\n\n\n<p class=\"wp-block-paragraph\">Wir von Pollentia Rentals haben eine Liste der Dinge zusammengestellt, die Sie bei Ihrem Besuch in Pollensa unbedingt anschauen sollten.<\/p>\n\n\n\n<p class=\"wp-block-paragraph\"><strong>Der Ortskern<\/strong><\/p>\n\n\n\n<p class=\"wp-block-paragraph\">Das Zentrum des Ortes mit seinen gepflasterten Stra\u00dfen und Gassen l\u00e4dt dazu ein, spazieren zu gehen und in eines der vielen Restaurants einzukehren. Sie finden hier ein abwechslungsreiches und k\u00f6stliches Angebot, bei dem f\u00fcr jeden Geschmack etwas dabei ist.<\/p>\n\n\n\n<p class=\"wp-block-paragraph\"><strong>Der Paseo Mar\u00edtimo und der Hafen<\/strong><\/p>\n\n\n\n<p class=\"wp-block-paragraph\">Die Landstra\u00dfe, die in den Hafenort Puerto Pollensa f\u00fchrt, ist schon an sich sehr idyllisch. Die Hafenpromenade vor der Kulisse des Mittelmeers ist eine wunderbare Stelle, um innezuhalten und den Blick schweifen zu lassen. Im Sommer herrscht hier dank der Bars und Restaurants eine lebhafte Atmosph\u00e4re.<\/p>\n\n\n\n<p class=\"wp-block-paragraph\"><strong>Der Kalvarienberg<\/strong><\/p>\n\n\n\n<p class=\"wp-block-paragraph\">Eine Treppe mit exakt 365 Stufen f\u00fchrt auf den Kalvarienberg. Dieser unterhaltsame und sportliche Spaziergang durch die Natur f\u00fchrt zu einer Kapelle auf der Spitze des Berges, von der aus man einen wunderbaren Blick auf den Ort und die Bucht von Pollensa hat.<\/p>\n\n\n\n<p class=\"wp-block-paragraph\"><strong>Der Leuchtturm von Formentor<\/strong><\/p>\n\n\n\n<p class=\"wp-block-paragraph\">Der ber\u00fchmteste Aussichtspunkt der Insel, an dem man einen atemberaubenden Sonnenuntergang erleben kann, befindet sich in der Gemeinde Pollensa. Obwohl die Zufahrt w\u00e4hrend der Sommersaison aufgrund des gro\u00dfen Besucherandrangs eingeschr\u00e4nkt ist, lohnt sich der Weg dorthin auf jeden Fall.<\/p>\n\n\n\n<p class=\"has-text-align-center has-large-font-size wp-block-paragraph\">Buchen Sie eine Ferienvilla<\/p>\n\n\n\n<p class=\"wp-block-paragraph\">Auf unserer Website finden Sie verschiedene Optionen, die es Ihnen erm\u00f6glichen, in Pollensa einen unvergleichlich sch\u00f6nen Urlaub zu erleben.<\/p>\n","protected":false},"excerpt":{"rendered":"<p>Es ist kein Geheimnis, dass Mallorca das beliebteste Reiseziel in Europa ist. Das Paradies im Mittelmeer verzaubert durch seine Str\u00e4nde&#8230;<\/p>\n","protected":false},"author":2,"featured_media":89,"comment_status":"open","ping_status":"closed","sticky":false,"template":"","format":"standard","meta":{"footnotes":""},"categories":[2],"tags":[],"class_list":["post-94","post","type-post","status-publish","format-standard","has-post-thumbnail","hentry","category-unkategorisiert"],"yoast_head":"<!-- This site is optimized with the Yoast SEO plugin v28.3 - https:\/\/yoast.com\/product\/yoast-seo-wordpress\/ -->\n<title>Besuchen Sie Pollensa, eines der sch\u00f6nsten D\u00f6rfer Mallorcas<\/title>\n<meta name=\"description\" content=\"Hier erfahren Sie, was Sie sich in der Gemeinde Pollensa unbedingt ansehen sollten.\" \/>\n<meta name=\"robots\" content=\"index, follow, max-snippet:-1, max-image-preview:large, max-video-preview:-1\" \/>\n<link rel=\"canonical\" href=\"https:\/\/www.pollentiarentals.com\/blog\/de\/besuch-in-pollensa\/\" \/>\n<meta property=\"og:locale\" content=\"de_DE\" \/>\n<meta property=\"og:type\" content=\"article\" \/>\n<meta property=\"og:title\" content=\"Besuchen Sie Pollensa, eines der sch\u00f6nsten D\u00f6rfer Mallorcas\" \/>\n<meta property=\"og:description\" content=\"Hier erfahren Sie, was Sie sich in der Gemeinde Pollensa unbedingt ansehen sollten.\" \/>\n<meta property=\"og:url\" content=\"https:\/\/www.pollentiarentals.com\/blog\/de\/besuch-in-pollensa\/\" \/>\n<meta property=\"og:site_name\" content=\"Blog\" \/>\n<meta property=\"article:published_time\" content=\"2024-04-30T13:15:11+00:00\" \/>\n<meta property=\"article:modified_time\" content=\"2024-04-30T13:24:10+00:00\" \/>\n<meta property=\"og:image\" content=\"https:\/\/www.pollentiarentals.com\/blog\/wp-content\/uploads\/2024\/04\/pollensa-pollentia-rentals-1-2.jpg\" \/>\n\t<meta property=\"og:image:width\" content=\"2480\" \/>\n\t<meta property=\"og:image:height\" content=\"1653\" \/>\n\t<meta property=\"og:image:type\" content=\"image\/jpeg\" \/>\n<meta name=\"author\" content=\"pollentiarentals\" \/>\n<meta name=\"twitter:card\" content=\"summary_large_image\" \/>\n<meta name=\"twitter:label1\" content=\"Verfasst von\" \/>\n\t<meta name=\"twitter:data1\" content=\"pollentiarentals\" \/>\n\t<meta name=\"twitter:label2\" content=\"Gesch\u00e4tzte Lesezeit\" \/>\n\t<meta name=\"twitter:data2\" content=\"2\u00a0Minuten\" \/>\n<script type=\"application\/ld+json\" class=\"yoast-schema-graph\">{\"@context\":\"https:\\\/\\\/schema.org\",\"@graph\":[{\"@type\":\"Article\",\"@id\":\"https:\\\/\\\/www.pollentiarentals.com\\\/blog\\\/de\\\/besuch-in-pollensa\\\/#article\",\"isPartOf\":{\"@id\":\"https:\\\/\\\/www.pollentiarentals.com\\\/blog\\\/de\\\/besuch-in-pollensa\\\/\"},\"author\":{\"name\":\"pollentiarentals\",\"@id\":\"https:\\\/\\\/www.pollentiarentals.com\\\/blog\\\/de\\\/#\\\/schema\\\/person\\\/48303e4d3d304197e92d1ba61f1f18e1\"},\"headline\":\"Besuchen Sie Pollensa, eines der sch\u00f6nsten D\u00f6rfer Mallorcas\",\"datePublished\":\"2024-04-30T13:15:11+00:00\",\"dateModified\":\"2024-04-30T13:24:10+00:00\",\"mainEntityOfPage\":{\"@id\":\"https:\\\/\\\/www.pollentiarentals.com\\\/blog\\\/de\\\/besuch-in-pollensa\\\/\"},\"wordCount\":410,\"commentCount\":0,\"image\":{\"@id\":\"https:\\\/\\\/www.pollentiarentals.com\\\/blog\\\/de\\\/besuch-in-pollensa\\\/#primaryimage\"},\"thumbnailUrl\":\"https:\\\/\\\/www.pollentiarentals.com\\\/blog\\\/wp-content\\\/uploads\\\/2024\\\/04\\\/pollensa-pollentia-rentals-1-2.jpg\",\"articleSection\":[\"Unkategorisiert\"],\"inLanguage\":\"de\",\"potentialAction\":[{\"@type\":\"CommentAction\",\"name\":\"Comment\",\"target\":[\"https:\\\/\\\/www.pollentiarentals.com\\\/blog\\\/de\\\/besuch-in-pollensa\\\/#respond\"]}]},{\"@type\":\"WebPage\",\"@id\":\"https:\\\/\\\/www.pollentiarentals.com\\\/blog\\\/de\\\/besuch-in-pollensa\\\/\",\"url\":\"https:\\\/\\\/www.pollentiarentals.com\\\/blog\\\/de\\\/besuch-in-pollensa\\\/\",\"name\":\"Besuchen Sie Pollensa, eines der sch\u00f6nsten D\u00f6rfer Mallorcas\",\"isPartOf\":{\"@id\":\"https:\\\/\\\/www.pollentiarentals.com\\\/blog\\\/de\\\/#website\"},\"primaryImageOfPage\":{\"@id\":\"https:\\\/\\\/www.pollentiarentals.com\\\/blog\\\/de\\\/besuch-in-pollensa\\\/#primaryimage\"},\"image\":{\"@id\":\"https:\\\/\\\/www.pollentiarentals.com\\\/blog\\\/de\\\/besuch-in-pollensa\\\/#primaryimage\"},\"thumbnailUrl\":\"https:\\\/\\\/www.pollentiarentals.com\\\/blog\\\/wp-content\\\/uploads\\\/2024\\\/04\\\/pollensa-pollentia-rentals-1-2.jpg\",\"datePublished\":\"2024-04-30T13:15:11+00:00\",\"dateModified\":\"2024-04-30T13:24:10+00:00\",\"author\":{\"@id\":\"https:\\\/\\\/www.pollentiarentals.com\\\/blog\\\/de\\\/#\\\/schema\\\/person\\\/48303e4d3d304197e92d1ba61f1f18e1\"},\"description\":\"Hier erfahren Sie, was Sie sich in der Gemeinde Pollensa unbedingt ansehen sollten.\",\"inLanguage\":\"de\",\"potentialAction\":[{\"@type\":\"ReadAction\",\"target\":[\"https:\\\/\\\/www.pollentiarentals.com\\\/blog\\\/de\\\/besuch-in-pollensa\\\/\"]}]},{\"@type\":\"ImageObject\",\"inLanguage\":\"de\",\"@id\":\"https:\\\/\\\/www.pollentiarentals.com\\\/blog\\\/de\\\/besuch-in-pollensa\\\/#primaryimage\",\"url\":\"https:\\\/\\\/www.pollentiarentals.com\\\/blog\\\/wp-content\\\/uploads\\\/2024\\\/04\\\/pollensa-pollentia-rentals-1-2.jpg\",\"contentUrl\":\"https:\\\/\\\/www.pollentiarentals.com\\\/blog\\\/wp-content\\\/uploads\\\/2024\\\/04\\\/pollensa-pollentia-rentals-1-2.jpg\",\"width\":2480,\"height\":1653},{\"@type\":\"WebSite\",\"@id\":\"https:\\\/\\\/www.pollentiarentals.com\\\/blog\\\/de\\\/#website\",\"url\":\"https:\\\/\\\/www.pollentiarentals.com\\\/blog\\\/de\\\/\",\"name\":\"Blog\",\"description\":\"Pollentia Rentals\",\"potentialAction\":[{\"@type\":\"SearchAction\",\"target\":{\"@type\":\"EntryPoint\",\"urlTemplate\":\"https:\\\/\\\/www.pollentiarentals.com\\\/blog\\\/de\\\/?s={search_term_string}\"},\"query-input\":{\"@type\":\"PropertyValueSpecification\",\"valueRequired\":true,\"valueName\":\"search_term_string\"}}],\"inLanguage\":\"de\"},{\"@type\":\"Person\",\"@id\":\"https:\\\/\\\/www.pollentiarentals.com\\\/blog\\\/de\\\/#\\\/schema\\\/person\\\/48303e4d3d304197e92d1ba61f1f18e1\",\"name\":\"pollentiarentals\",\"image\":{\"@type\":\"ImageObject\",\"inLanguage\":\"de\",\"@id\":\"https:\\\/\\\/secure.gravatar.com\\\/avatar\\\/4f2036a929beeb90011ba8669284e520083073486f4f3cf2d65464675e2f903f?s=96&d=mm&r=g\",\"url\":\"https:\\\/\\\/secure.gravatar.com\\\/avatar\\\/4f2036a929beeb90011ba8669284e520083073486f4f3cf2d65464675e2f903f?s=96&d=mm&r=g\",\"contentUrl\":\"https:\\\/\\\/secure.gravatar.com\\\/avatar\\\/4f2036a929beeb90011ba8669284e520083073486f4f3cf2d65464675e2f903f?s=96&d=mm&r=g\",\"caption\":\"pollentiarentals\"},\"url\":\"https:\\\/\\\/www.pollentiarentals.com\\\/blog\\\/de\\\/author\\\/pollentiarentals\\\/\"}]}<\/script>\n<!-- \/ Yoast SEO plugin. -->","yoast_head_json":{"title":"Besuchen Sie Pollensa, eines der sch\u00f6nsten D\u00f6rfer Mallorcas","description":"Hier erfahren Sie, was Sie sich in der Gemeinde Pollensa unbedingt ansehen sollten.","robots":{"index":"index","follow":"follow","max-snippet":"max-snippet:-1","max-image-preview":"max-image-preview:large","max-video-preview":"max-video-preview:-1"},"canonical":"https:\/\/www.pollentiarentals.com\/blog\/de\/besuch-in-pollensa\/","og_locale":"de_DE","og_type":"article","og_title":"Besuchen Sie Pollensa, eines der sch\u00f6nsten D\u00f6rfer Mallorcas","og_description":"Hier erfahren Sie, was Sie sich in der Gemeinde Pollensa unbedingt ansehen sollten.","og_url":"https:\/\/www.pollentiarentals.com\/blog\/de\/besuch-in-pollensa\/","og_site_name":"Blog","article_published_time":"2024-04-30T13:15:11+00:00","article_modified_time":"2024-04-30T13:24:10+00:00","og_image":[{"width":2480,"height":1653,"url":"https:\/\/www.pollentiarentals.com\/blog\/wp-content\/uploads\/2024\/04\/pollensa-pollentia-rentals-1-2.jpg","type":"image\/jpeg"}],"author":"pollentiarentals","twitter_card":"summary_large_image","twitter_misc":{"Verfasst von":"pollentiarentals","Gesch\u00e4tzte Lesezeit":"2\u00a0Minuten"},"schema":{"@context":"https:\/\/schema.org","@graph":[{"@type":"Article","@id":"https:\/\/www.pollentiarentals.com\/blog\/de\/besuch-in-pollensa\/#article","isPartOf":{"@id":"https:\/\/www.pollentiarentals.com\/blog\/de\/besuch-in-pollensa\/"},"author":{"name":"pollentiarentals","@id":"https:\/\/www.pollentiarentals.com\/blog\/de\/#\/schema\/person\/48303e4d3d304197e92d1ba61f1f18e1"},"headline":"Besuchen Sie Pollensa, eines der sch\u00f6nsten D\u00f6rfer Mallorcas","datePublished":"2024-04-30T13:15:11+00:00","dateModified":"2024-04-30T13:24:10+00:00","mainEntityOfPage":{"@id":"https:\/\/www.pollentiarentals.com\/blog\/de\/besuch-in-pollensa\/"},"wordCount":410,"commentCount":0,"image":{"@id":"https:\/\/www.pollentiarentals.com\/blog\/de\/besuch-in-pollensa\/#primaryimage"},"thumbnailUrl":"https:\/\/www.pollentiarentals.com\/blog\/wp-content\/uploads\/2024\/04\/pollensa-pollentia-rentals-1-2.jpg","articleSection":["Unkategorisiert"],"inLanguage":"de","potentialAction":[{"@type":"CommentAction","name":"Comment","target":["https:\/\/www.pollentiarentals.com\/blog\/de\/besuch-in-pollensa\/#respond"]}]},{"@type":"WebPage","@id":"https:\/\/www.pollentiarentals.com\/blog\/de\/besuch-in-pollensa\/","url":"https:\/\/www.pollentiarentals.com\/blog\/de\/besuch-in-pollensa\/","name":"Besuchen Sie Pollensa, eines der sch\u00f6nsten D\u00f6rfer Mallorcas","isPartOf":{"@id":"https:\/\/www.pollentiarentals.com\/blog\/de\/#website"},"primaryImageOfPage":{"@id":"https:\/\/www.pollentiarentals.com\/blog\/de\/besuch-in-pollensa\/#primaryimage"},"image":{"@id":"https:\/\/www.pollentiarentals.com\/blog\/de\/besuch-in-pollensa\/#primaryimage"},"thumbnailUrl":"https:\/\/www.pollentiarentals.com\/blog\/wp-content\/uploads\/2024\/04\/pollensa-pollentia-rentals-1-2.jpg","datePublished":"2024-04-30T13:15:11+00:00","dateModified":"2024-04-30T13:24:10+00:00","author":{"@id":"https:\/\/www.pollentiarentals.com\/blog\/de\/#\/schema\/person\/48303e4d3d304197e92d1ba61f1f18e1"},"description":"Hier erfahren Sie, was Sie sich in der Gemeinde Pollensa unbedingt ansehen sollten.","inLanguage":"de","potentialAction":[{"@type":"ReadAction","target":["https:\/\/www.pollentiarentals.com\/blog\/de\/besuch-in-pollensa\/"]}]},{"@type":"ImageObject","inLanguage":"de","@id":"https:\/\/www.pollentiarentals.com\/blog\/de\/besuch-in-pollensa\/#primaryimage","url":"https:\/\/www.pollentiarentals.com\/blog\/wp-content\/uploads\/2024\/04\/pollensa-pollentia-rentals-1-2.jpg","contentUrl":"https:\/\/www.pollentiarentals.com\/blog\/wp-content\/uploads\/2024\/04\/pollensa-pollentia-rentals-1-2.jpg","width":2480,"height":1653},{"@type":"WebSite","@id":"https:\/\/www.pollentiarentals.com\/blog\/de\/#website","url":"https:\/\/www.pollentiarentals.com\/blog\/de\/","name":"Blog","description":"Pollentia Rentals","potentialAction":[{"@type":"SearchAction","target":{"@type":"EntryPoint","urlTemplate":"https:\/\/www.pollentiarentals.com\/blog\/de\/?s={search_term_string}"},"query-input":{"@type":"PropertyValueSpecification","valueRequired":true,"valueName":"search_term_string"}}],"inLanguage":"de"},{"@type":"Person","@id":"https:\/\/www.pollentiarentals.com\/blog\/de\/#\/schema\/person\/48303e4d3d304197e92d1ba61f1f18e1","name":"pollentiarentals","image":{"@type":"ImageObject","inLanguage":"de","@id":"https:\/\/secure.gravatar.com\/avatar\/4f2036a929beeb90011ba8669284e520083073486f4f3cf2d65464675e2f903f?s=96&d=mm&r=g","url":"https:\/\/secure.gravatar.com\/avatar\/4f2036a929beeb90011ba8669284e520083073486f4f3cf2d65464675e2f903f?s=96&d=mm&r=g","contentUrl":"https:\/\/secure.gravatar.com\/avatar\/4f2036a929beeb90011ba8669284e520083073486f4f3cf2d65464675e2f903f?s=96&d=mm&r=g","caption":"pollentiarentals"},"url":"https:\/\/www.pollentiarentals.com\/blog\/de\/author\/pollentiarentals\/"}]}},"_links":{"self":[{"href":"https:\/\/www.pollentiarentals.com\/blog\/de\/wp-json\/wp\/v2\/posts\/94","targetHints":{"allow":["GET"]}}],"collection":[{"href":"https:\/\/www.pollentiarentals.com\/blog\/de\/wp-json\/wp\/v2\/posts"}],"about":[{"href":"https:\/\/www.pollentiarentals.com\/blog\/de\/wp-json\/wp\/v2\/types\/post"}],"author":[{"embeddable":true,"href":"https:\/\/www.pollentiarentals.com\/blog\/de\/wp-json\/wp\/v2\/users\/2"}],"replies":[{"embeddable":true,"href":"https:\/\/www.pollentiarentals.com\/blog\/de\/wp-json\/wp\/v2\/comments?post=94"}],"version-history":[{"count":1,"href":"https:\/\/www.pollentiarentals.com\/blog\/de\/wp-json\/wp\/v2\/posts\/94\/revisions"}],"predecessor-version":[{"id":95,"href":"https:\/\/www.pollentiarentals.com\/blog\/de\/wp-json\/wp\/v2\/posts\/94\/revisions\/95"}],"wp:featuredmedia":[{"embeddable":true,"href":"https:\/\/www.pollentiarentals.com\/blog\/de\/wp-json\/wp\/v2\/media\/89"}],"wp:attachment":[{"href":"https:\/\/www.pollentiarentals.com\/blog\/de\/wp-json\/wp\/v2\/media?parent=94"}],"wp:term":[{"taxonomy":"category","embeddable":true,"href":"https:\/\/www.pollentiarentals.com\/blog\/de\/wp-json\/wp\/v2\/categories?post=94"},{"taxonomy":"post_tag","embeddable":true,"href":"https:\/\/www.pollentiarentals.com\/blog\/de\/wp-json\/wp\/v2\/tags?post=94"}],"curies":[{"name":"wp","href":"https:\/\/api.w.org\/{rel}","templated":true}]}}